{"id":11358,"date":"2023-06-02T13:55:53","date_gmt":"2023-06-02T16:55:53","guid":{"rendered":"http:\/\/localhost\/wordpress1\/?p=11358"},"modified":"2023-06-05T05:22:32","modified_gmt":"2023-06-05T08:22:32","slug":"macbook-pro-2012-13","status":"publish","type":"post","link":"https:\/\/frankfix.app\/en\/actualizacion\/macbook-pro-2012-13\/","title":{"rendered":"Enhancements and Optimization for Your MacBook Pro 2012: Get the Most out of Your Device!"},"content":{"rendered":"<div data-elementor-type=\"wp-post\" data-elementor-id=\"11358\" class=\"elementor elementor-11358\">\n\t\t\t\t\t\t<section class=\"elementor-section elementor-top-section elementor-element elementor-element-bf6ec29 ot-traditional elementor-section-boxed elementor-section-height-default elementor-section-height-default\" data-id=\"bf6ec29\" data-element_type=\"section\" data-e-type=\"section\">\n\t\t\t\t\t\t<div class=\"elementor-container elementor-column-gap-default\">\n\t\t\t\t\t<div class=\"elementor-column elementor-col-100 elementor-top-column elementor-element elementor-element-f26fad3 ot-flex-column-vertical\" data-id=\"f26fad3\" data-element_type=\"column\" data-e-type=\"column\">\n\t\t\t<div class=\"elementor-widget-wrap elementor-element-populated\">\n\t\t\t\t\t\t<div class=\"elementor-element elementor-element-6da5bd9 elementor-widget elementor-widget-heading\" data-id=\"6da5bd9\" data-element_type=\"widget\" data-e-type=\"widget\" data-widget_type=\"heading.default\">\n\t\t\t\t<div class=\"elementor-widget-container\">\n\t\t\t\t\t<h2 class=\"elementor-heading-title elementor-size-default\">UPGRADING AND OPTIMIZING A MACBOOK PRO 2012<\/h2>\t\t\t\t<\/div>\n\t\t\t\t<\/div>\n\t\t\t\t<section class=\"elementor-section elementor-inner-section elementor-element elementor-element-27605a7 ot-traditional elementor-section-boxed elementor-section-height-default elementor-section-height-default\" data-id=\"27605a7\" data-element_type=\"section\" data-e-type=\"section\">\n\t\t\t\t\t\t<div class=\"elementor-container elementor-column-gap-default\">\n\t\t\t\t\t<div class=\"elementor-column elementor-col-50 elementor-inner-column elementor-element elementor-element-591f7c1 ot-flex-column-vertical\" data-id=\"591f7c1\" data-element_type=\"column\" data-e-type=\"column\">\n\t\t\t<div class=\"elementor-widget-wrap elementor-element-populated\">\n\t\t\t\t\t\t<div class=\"elementor-element elementor-element-070a679 elementor-widget elementor-widget-text-editor\" data-id=\"070a679\" data-element_type=\"widget\" data-e-type=\"widget\" data-widget_type=\"text-editor.default\">\n\t\t\t\t<div class=\"elementor-widget-container\">\n\t\t\t\t\t\t\t\t\t<ul><li>RAM Upgrade: Boost the speed and performance of your MacBook Pro with a new, compatible, and higher-capacity RAM.<\/li><li>SSD Improvement: Enjoy faster and smoother performance by installing a high-speed SSD in your MacBook Pro.<\/li><\/ul>\t\t\t\t\t\t\t\t<\/div>\n\t\t\t\t<\/div>\n\t\t\t\t\t<\/div>\n\t\t<\/div>\n\t\t\t\t<div class=\"elementor-column elementor-col-50 elementor-inner-column elementor-element elementor-element-44199ed ot-flex-column-vertical\" data-id=\"44199ed\" data-element_type=\"column\" data-e-type=\"column\">\n\t\t\t<div class=\"elementor-widget-wrap elementor-element-populated\">\n\t\t\t\t\t\t<div class=\"elementor-element elementor-element-7ffd6a4 elementor-widget elementor-widget-video\" data-id=\"7ffd6a4\" data-element_type=\"widget\" data-e-type=\"widget\" data-settings=\"{&quot;youtube_url&quot;:&quot;https:\\\/\\\/www.youtube.com\\\/watch?v=QSRD0W9IyE8&quot;,&quot;video_type&quot;:&quot;youtube&quot;,&quot;controls&quot;:&quot;yes&quot;}\" data-widget_type=\"video.default\">\n\t\t\t\t<div class=\"elementor-widget-container\">\n\t\t\t\t\t\t\t<div class=\"elementor-wrapper elementor-open-inline\">\n\t\t\t<div class=\"elementor-video\"><\/div>\t\t<\/div>\n\t\t\t\t\t\t<\/div>\n\t\t\t\t<\/div>\n\t\t\t\t\t<\/div>\n\t\t<\/div>\n\t\t\t\t\t<\/div>\n\t\t<\/section>\n\t\t\t\t<div class=\"elementor-element elementor-element-54c4f9c elementor-widget elementor-widget-text-editor\" data-id=\"54c4f9c\" data-element_type=\"widget\" data-e-type=\"widget\" data-widget_type=\"text-editor.default\">\n\t\t\t\t<div class=\"elementor-widget-container\">\n\t\t\t\t\t\t\t\t\t<ul><li>Second Internal Hard Drive: Add more storage space without sacrificing your system's speed by installing a second internal hard drive.<\/li><li>DVD to USB Conversion: Convert your optical drive into a USB drive for enhanced convenience and portability.<\/li><li>CPU Optimization: Enhance the performance and management of your processor for greater system efficiency.<\/li><li>RAM Optimization: Fine-tune and optimize the usage of RAM for optimal performance of your MacBook Pro.<\/li><li>SSD Optimization: Enhance system performance by maximizing resource utilization and data bus usage of your SSD.<\/li><\/ul>\t\t\t\t\t\t\t\t<\/div>\n\t\t\t\t<\/div>\n\t\t\t\t<div class=\"elementor-element elementor-element-c36f64c elementor-widget elementor-widget-heading\" data-id=\"c36f64c\" data-element_type=\"widget\" data-e-type=\"widget\" data-widget_type=\"heading.default\">\n\t\t\t\t<div class=\"elementor-widget-container\">\n\t\t\t\t\t<h2 class=\"elementor-heading-title elementor-size-default\">Upgrade and optimize your MacBook Pro 2012 for exceptional performance!<\/h2>\t\t\t\t<\/div>\n\t\t\t\t<\/div>\n\t\t\t\t<section class=\"elementor-section elementor-inner-section elementor-element elementor-element-3014554 ot-traditional elementor-section-boxed elementor-section-height-default elementor-section-height-default\" data-id=\"3014554\" data-element_type=\"section\" data-e-type=\"section\">\n\t\t\t\t\t\t<div class=\"elementor-container elementor-column-gap-default\">\n\t\t\t\t\t<div class=\"elementor-column elementor-col-50 elementor-inner-column elementor-element elementor-element-1acad60 ot-flex-column-vertical\" data-id=\"1acad60\" data-element_type=\"column\" data-e-type=\"column\">\n\t\t\t<div class=\"elementor-widget-wrap elementor-element-populated\">\n\t\t\t\t\t\t<div class=\"elementor-element elementor-element-f9f6ca0 elementor-widget elementor-widget-text-editor\" data-id=\"f9f6ca0\" data-element_type=\"widget\" data-e-type=\"widget\" data-widget_type=\"text-editor.default\">\n\t\t\t\t<div class=\"elementor-widget-container\">\n\t\t\t\t\t\t\t\t\t<p>Continuous improvement is essential to stay at the forefront and ensure quality products. In the case of my MacBook Pro 2012, I discovered that the original hardware was not sufficient to meet the current demands of software. However, I have developed upgrade and optimization techniques for Apple devices manufactured between 2008 and 2012, yielding impressive results.<\/p>\t\t\t\t\t\t\t\t<\/div>\n\t\t\t\t<\/div>\n\t\t\t\t\t<\/div>\n\t\t<\/div>\n\t\t\t\t<div class=\"elementor-column elementor-col-50 elementor-inner-column elementor-element elementor-element-0cbfd23 ot-flex-column-vertical\" data-id=\"0cbfd23\" data-element_type=\"column\" data-e-type=\"column\">\n\t\t\t<div class=\"elementor-widget-wrap elementor-element-populated\">\n\t\t\t\t\t\t<div class=\"elementor-element elementor-element-265b801 elementor-widget elementor-widget-image\" data-id=\"265b801\" data-element_type=\"widget\" data-e-type=\"widget\" data-widget_type=\"image.default\">\n\t\t\t\t<div class=\"elementor-widget-container\">\n\t\t\t\t\t\t\t\t\t\t\t\t\t\t\t<img fetchpriority=\"high\" decoding=\"async\" width=\"300\" height=\"240\" src=\"https:\/\/i0.wp.com\/frankfix.app\/wp-content\/uploads\/2023\/06\/dmitry-chernyshov-mP7aPSUm7aE-unsplash-scaled.jpg?fit=300%2C240&ssl=1\" class=\"attachment-medium size-medium wp-image-11980\" alt=\"\" srcset=\"https:\/\/i0.wp.com\/frankfix.app\/wp-content\/uploads\/2023\/06\/dmitry-chernyshov-mP7aPSUm7aE-unsplash-scaled.jpg?w=2560&ssl=1 2560w, https:\/\/i0.wp.com\/frankfix.app\/wp-content\/uploads\/2023\/06\/dmitry-chernyshov-mP7aPSUm7aE-unsplash-scaled.jpg?resize=300%2C240&ssl=1 300w, https:\/\/i0.wp.com\/frankfix.app\/wp-content\/uploads\/2023\/06\/dmitry-chernyshov-mP7aPSUm7aE-unsplash-scaled.jpg?resize=1024%2C819&ssl=1 1024w, https:\/\/i0.wp.com\/frankfix.app\/wp-content\/uploads\/2023\/06\/dmitry-chernyshov-mP7aPSUm7aE-unsplash-scaled.jpg?resize=768%2C614&ssl=1 768w, https:\/\/i0.wp.com\/frankfix.app\/wp-content\/uploads\/2023\/06\/dmitry-chernyshov-mP7aPSUm7aE-unsplash-scaled.jpg?resize=1536%2C1229&ssl=1 1536w, https:\/\/i0.wp.com\/frankfix.app\/wp-content\/uploads\/2023\/06\/dmitry-chernyshov-mP7aPSUm7aE-unsplash-scaled.jpg?resize=2048%2C1638&ssl=1 2048w, https:\/\/i0.wp.com\/frankfix.app\/wp-content\/uploads\/2023\/06\/dmitry-chernyshov-mP7aPSUm7aE-unsplash-scaled.jpg?resize=720%2C576&ssl=1 720w, https:\/\/i0.wp.com\/frankfix.app\/wp-content\/uploads\/2023\/06\/dmitry-chernyshov-mP7aPSUm7aE-unsplash-scaled.jpg?resize=600%2C480&ssl=1 600w\" sizes=\"(max-width: 300px) 100vw, 300px\" \/>\t\t\t\t\t\t\t\t\t\t\t\t\t\t\t<\/div>\n\t\t\t\t<\/div>\n\t\t\t\t\t<\/div>\n\t\t<\/div>\n\t\t\t\t\t<\/div>\n\t\t<\/section>\n\t\t\t\t<div class=\"elementor-element elementor-element-604641d elementor-widget elementor-widget-heading\" data-id=\"604641d\" data-element_type=\"widget\" data-e-type=\"widget\" data-widget_type=\"heading.default\">\n\t\t\t\t<div class=\"elementor-widget-container\">\n\t\t\t\t\t<h3 class=\"elementor-heading-title elementor-size-default\">Hardware Upgrade and System Optimization:<\/h3>\t\t\t\t<\/div>\n\t\t\t\t<\/div>\n\t\t\t\t<div class=\"elementor-element elementor-element-fa1a252 elementor-widget elementor-widget-text-editor\" data-id=\"fa1a252\" data-element_type=\"widget\" data-e-type=\"widget\" data-widget_type=\"text-editor.default\">\n\t\t\t\t<div class=\"elementor-widget-container\">\n\t\t\t\t\t\t\t\t\t<p>Before working on your MacBook Pro, it's important to take safety measures, select the right components, and perform necessary upgrades. Maximizing RAM and adding a moderate-capacity SSD are recommended options to enhance performance. Additionally, after upgrading the hardware, optimizing the operating system is essential to make the most of the new resources and improve efficiency.<\/p>\t\t\t\t\t\t\t\t<\/div>\n\t\t\t\t<\/div>\n\t\t\t\t<div class=\"elementor-element elementor-element-3fd806b elementor-widget elementor-widget-heading\" data-id=\"3fd806b\" data-element_type=\"widget\" data-e-type=\"widget\" data-widget_type=\"heading.default\">\n\t\t\t\t<div class=\"elementor-widget-container\">\n\t\t\t\t\t<h4 class=\"elementor-heading-title elementor-size-default\">Our Focus and Commitment:<\/h4>\t\t\t\t<\/div>\n\t\t\t\t<\/div>\n\t\t\t\t<div class=\"elementor-element elementor-element-a6f6316 elementor-widget elementor-widget-text-editor\" data-id=\"a6f6316\" data-element_type=\"widget\" data-e-type=\"widget\" data-widget_type=\"text-editor.default\">\n\t\t\t\t<div class=\"elementor-widget-container\">\n\t\t\t\t\t\t\t\t\t<p>In our company, we take pride in providing upgrades and optimizations that exceed market standards. We adhere to the highest standards of quality and safety to deliver exceptional service to our clients.<\/p>\t\t\t\t\t\t\t\t<\/div>\n\t\t\t\t<\/div>\n\t\t\t\t<div class=\"elementor-element elementor-element-5413247 elementor-widget elementor-widget-heading\" data-id=\"5413247\" data-element_type=\"widget\" data-e-type=\"widget\" data-widget_type=\"heading.default\">\n\t\t\t\t<div class=\"elementor-widget-container\">\n\t\t\t\t\t<h4 class=\"elementor-heading-title elementor-size-default\">Request assistance here:<\/h4>\t\t\t\t<\/div>\n\t\t\t\t<\/div>\n\t\t\t\t\t<\/div>\n\t\t<\/div>\n\t\t\t\t\t<\/div>\n\t\t<\/section>\n\t\t\t\t<section class=\"elementor-section elementor-top-section elementor-element elementor-element-1ec641e ot-traditional elementor-section-boxed elementor-section-height-default elementor-section-height-default\" data-id=\"1ec641e\" data-element_type=\"section\" data-e-type=\"section\">\n\t\t\t\t\t\t<div class=\"elementor-container elementor-column-gap-default\">\n\t\t\t\t\t<div class=\"elementor-column elementor-col-100 elementor-top-column elementor-element elementor-element-7e31a6f ot-flex-column-vertical\" data-id=\"7e31a6f\" data-element_type=\"column\" data-e-type=\"column\">\n\t\t\t<div class=\"elementor-widget-wrap elementor-element-populated\">\n\t\t\t\t\t\t<div class=\"elementor-element elementor-element-d5c9660 elementor-widget elementor-widget-text-editor\" data-id=\"d5c9660\" data-element_type=\"widget\" data-e-type=\"widget\" data-widget_type=\"text-editor.default\">\n\t\t\t\t<div class=\"elementor-widget-container\">\n\t\t\t\t\t\t\t\t\t<p>If you want to enhance and optimize your MacBook Pro 2012, feel free to contact us. We're here to assist you.<\/p><p>We look forward to helping you enhance your MacBook Pro 2012!<\/p><ul><li>Le Partisan \u2013<\/li><\/ul>\t\t\t\t\t\t\t\t<\/div>\n\t\t\t\t<\/div>\n\t\t\t\t\t<\/div>\n\t\t<\/div>\n\t\t\t\t\t<\/div>\n\t\t<\/section>\n\t\t\t\t<\/div>","protected":false},"excerpt":{"rendered":"<p>ACTUALIZACI\u00d3N Y OPTIMIZACI\u00d3N DE UN MACBOOK PRO 2012 Actualizaci\u00f3n de RAM: Aumenta la velocidad y rendimiento de tu MacBook Pro con una nueva memoria RAM compatible y de mayor capacidad. Mejora con SSD: Experimenta un rendimiento m\u00e1s r\u00e1pido y fluido al instalar una unidad SSD de alta velocidad en tu MacBook Pro. Segundo disco duro [&hellip;]<\/p>\n","protected":false},"author":6,"featured_media":11747,"comment_status":"closed","ping_status":"closed","sticky":false,"template":"","format":"standard","meta":{"_jetpack_memberships_contains_paid_content":false,"footnotes":""},"categories":[131],"tags":[],"class_list":["post-11358","post","type-post","status-publish","format-standard","has-post-thumbnail","hentry","category-actualizacion"],"yoast_head":"<!-- This site is optimized with the Yoast SEO plugin v27.5 - https:\/\/yoast.com\/product\/yoast-seo-wordpress\/ -->\n<title>Mejoras y optimizaci\u00f3n para tu MacBook Pro 2012: \u00a1Aprovecha al m\u00e1ximo tu equipo! - FRANK FIX<\/title>\n<meta name=\"robots\" content=\"index, follow, max-snippet:-1, max-image-preview:large, max-video-preview:-1\" \/>\n<link rel=\"canonical\" href=\"https:\/\/frankfix.app\/en\/actualizacion\/macbook-pro-2012-13\/\" \/>\n<meta property=\"og:locale\" content=\"en_US\" \/>\n<meta property=\"og:type\" content=\"article\" \/>\n<meta property=\"og:title\" content=\"Mejoras y optimizaci\u00f3n para tu MacBook Pro 2012: \u00a1Aprovecha al m\u00e1ximo tu equipo! - FRANK FIX\" \/>\n<meta property=\"og:description\" content=\"ACTUALIZACI\u00d3N Y OPTIMIZACI\u00d3N DE UN MACBOOK PRO 2012 Actualizaci\u00f3n de RAM: Aumenta la velocidad y rendimiento de tu MacBook Pro con una nueva memoria RAM compatible y de mayor capacidad. Mejora con SSD: Experimenta un rendimiento m\u00e1s r\u00e1pido y fluido al instalar una unidad SSD de alta velocidad en tu MacBook Pro. Segundo disco duro [&hellip;]\" \/>\n<meta property=\"og:url\" content=\"https:\/\/frankfix.app\/en\/actualizacion\/macbook-pro-2012-13\/\" \/>\n<meta property=\"og:site_name\" content=\"FRANK FIX\" \/>\n<meta property=\"article:published_time\" content=\"2023-06-02T16:55:53+00:00\" \/>\n<meta property=\"article:modified_time\" content=\"2023-06-05T08:22:32+00:00\" \/>\n<meta property=\"og:image\" content=\"https:\/\/i0.wp.com\/frankfix.app\/wp-content\/uploads\/2023\/06\/5569498-scaled.jpg?fit=2560%2C1440&ssl=1\" \/>\n\t<meta property=\"og:image:width\" content=\"2560\" \/>\n\t<meta property=\"og:image:height\" content=\"1440\" \/>\n\t<meta property=\"og:image:type\" content=\"image\/jpeg\" \/>\n<meta name=\"author\" content=\"Frank\" \/>\n<meta name=\"twitter:card\" content=\"summary_large_image\" \/>\n<meta name=\"twitter:label1\" content=\"Written by\" \/>\n\t<meta name=\"twitter:data1\" content=\"Frank\" \/>\n\t<meta name=\"twitter:label2\" content=\"Est. reading time\" \/>\n\t<meta name=\"twitter:data2\" content=\"2 minutes\" \/>\n<script type=\"application\/ld+json\" class=\"yoast-schema-graph\">{\"@context\":\"https:\\\/\\\/schema.org\",\"@graph\":[{\"@type\":\"Article\",\"@id\":\"https:\\\/\\\/frankfix.app\\\/actualizacion\\\/macbook-pro-2012-13\\\/#article\",\"isPartOf\":{\"@id\":\"https:\\\/\\\/frankfix.app\\\/actualizacion\\\/macbook-pro-2012-13\\\/\"},\"author\":{\"name\":\"Frank\",\"@id\":\"https:\\\/\\\/frankfix.app\\\/#\\\/schema\\\/person\\\/6fe795fee36b68f9859d40349b2fa359\"},\"headline\":\"Mejoras y optimizaci\u00f3n para tu MacBook Pro 2012: \u00a1Aprovecha al m\u00e1ximo tu equipo!\",\"datePublished\":\"2023-06-02T16:55:53+00:00\",\"dateModified\":\"2023-06-05T08:22:32+00:00\",\"mainEntityOfPage\":{\"@id\":\"https:\\\/\\\/frankfix.app\\\/actualizacion\\\/macbook-pro-2012-13\\\/\"},\"wordCount\":402,\"publisher\":{\"@id\":\"https:\\\/\\\/frankfix.app\\\/#\\\/schema\\\/person\\\/6fe795fee36b68f9859d40349b2fa359\"},\"image\":{\"@id\":\"https:\\\/\\\/frankfix.app\\\/actualizacion\\\/macbook-pro-2012-13\\\/#primaryimage\"},\"thumbnailUrl\":\"https:\\\/\\\/i0.wp.com\\\/frankfix.app\\\/wp-content\\\/uploads\\\/2023\\\/06\\\/5569498-scaled.jpg?fit=2560%2C1440&ssl=1\",\"articleSection\":[\"Actualizaci\u00f3n\"],\"inLanguage\":\"en-US\"},{\"@type\":\"WebPage\",\"@id\":\"https:\\\/\\\/frankfix.app\\\/actualizacion\\\/macbook-pro-2012-13\\\/\",\"url\":\"https:\\\/\\\/frankfix.app\\\/actualizacion\\\/macbook-pro-2012-13\\\/\",\"name\":\"Mejoras y optimizaci\u00f3n para tu MacBook Pro 2012: \u00a1Aprovecha al m\u00e1ximo tu equipo! - FRANK FIX\",\"isPartOf\":{\"@id\":\"https:\\\/\\\/frankfix.app\\\/#website\"},\"primaryImageOfPage\":{\"@id\":\"https:\\\/\\\/frankfix.app\\\/actualizacion\\\/macbook-pro-2012-13\\\/#primaryimage\"},\"image\":{\"@id\":\"https:\\\/\\\/frankfix.app\\\/actualizacion\\\/macbook-pro-2012-13\\\/#primaryimage\"},\"thumbnailUrl\":\"https:\\\/\\\/i0.wp.com\\\/frankfix.app\\\/wp-content\\\/uploads\\\/2023\\\/06\\\/5569498-scaled.jpg?fit=2560%2C1440&ssl=1\",\"datePublished\":\"2023-06-02T16:55:53+00:00\",\"dateModified\":\"2023-06-05T08:22:32+00:00\",\"breadcrumb\":{\"@id\":\"https:\\\/\\\/frankfix.app\\\/actualizacion\\\/macbook-pro-2012-13\\\/#breadcrumb\"},\"inLanguage\":\"en-US\",\"potentialAction\":[{\"@type\":\"ReadAction\",\"target\":[\"https:\\\/\\\/frankfix.app\\\/actualizacion\\\/macbook-pro-2012-13\\\/\"]}]},{\"@type\":\"ImageObject\",\"inLanguage\":\"en-US\",\"@id\":\"https:\\\/\\\/frankfix.app\\\/actualizacion\\\/macbook-pro-2012-13\\\/#primaryimage\",\"url\":\"https:\\\/\\\/i0.wp.com\\\/frankfix.app\\\/wp-content\\\/uploads\\\/2023\\\/06\\\/5569498-scaled.jpg?fit=2560%2C1440&ssl=1\",\"contentUrl\":\"https:\\\/\\\/i0.wp.com\\\/frankfix.app\\\/wp-content\\\/uploads\\\/2023\\\/06\\\/5569498-scaled.jpg?fit=2560%2C1440&ssl=1\",\"width\":2560,\"height\":1440},{\"@type\":\"BreadcrumbList\",\"@id\":\"https:\\\/\\\/frankfix.app\\\/actualizacion\\\/macbook-pro-2012-13\\\/#breadcrumb\",\"itemListElement\":[{\"@type\":\"ListItem\",\"position\":1,\"name\":\"Inicio\",\"item\":\"https:\\\/\\\/frankfix.app\\\/\"},{\"@type\":\"ListItem\",\"position\":2,\"name\":\"Mejoras y optimizaci\u00f3n para tu MacBook Pro 2012: \u00a1Aprovecha al m\u00e1ximo tu equipo!\"}]},{\"@type\":\"WebSite\",\"@id\":\"https:\\\/\\\/frankfix.app\\\/#website\",\"url\":\"https:\\\/\\\/frankfix.app\\\/\",\"name\":\"FRANK FIX\",\"description\":\"Reparaci\u00f3n y Aprendizaje Mac\",\"publisher\":{\"@id\":\"https:\\\/\\\/frankfix.app\\\/#\\\/schema\\\/person\\\/6fe795fee36b68f9859d40349b2fa359\"},\"potentialAction\":[{\"@type\":\"SearchAction\",\"target\":{\"@type\":\"EntryPoint\",\"urlTemplate\":\"https:\\\/\\\/frankfix.app\\\/?s={search_term_string}\"},\"query-input\":{\"@type\":\"PropertyValueSpecification\",\"valueRequired\":true,\"valueName\":\"search_term_string\"}}],\"inLanguage\":\"en-US\"},{\"@type\":[\"Person\",\"Organization\"],\"@id\":\"https:\\\/\\\/frankfix.app\\\/#\\\/schema\\\/person\\\/6fe795fee36b68f9859d40349b2fa359\",\"name\":\"Frank\",\"image\":{\"@type\":\"ImageObject\",\"inLanguage\":\"en-US\",\"@id\":\"https:\\\/\\\/i0.wp.com\\\/frankfix.app\\\/wp-content\\\/uploads\\\/2023\\\/01\\\/frank-fix-high-resolution-logo-white-transparent.png?fit=2000%2C494&ssl=1\",\"url\":\"https:\\\/\\\/i0.wp.com\\\/frankfix.app\\\/wp-content\\\/uploads\\\/2023\\\/01\\\/frank-fix-high-resolution-logo-white-transparent.png?fit=2000%2C494&ssl=1\",\"contentUrl\":\"https:\\\/\\\/i0.wp.com\\\/frankfix.app\\\/wp-content\\\/uploads\\\/2023\\\/01\\\/frank-fix-high-resolution-logo-white-transparent.png?fit=2000%2C494&ssl=1\",\"width\":2000,\"height\":494,\"caption\":\"Frank\"},\"logo\":{\"@id\":\"https:\\\/\\\/i0.wp.com\\\/frankfix.app\\\/wp-content\\\/uploads\\\/2023\\\/01\\\/frank-fix-high-resolution-logo-white-transparent.png?fit=2000%2C494&ssl=1\"},\"sameAs\":[\"https:\\\/\\\/lepartisan.org\\\/\"],\"url\":\"https:\\\/\\\/frankfix.app\\\/en\\\/author\\\/frank\\\/\"}]}<\/script>\n<!-- \/ Yoast SEO plugin. -->","yoast_head_json":{"title":"Mejoras y optimizaci\u00f3n para tu MacBook Pro 2012: \u00a1Aprovecha al m\u00e1ximo tu equipo! - FRANK FIX","robots":{"index":"index","follow":"follow","max-snippet":"max-snippet:-1","max-image-preview":"max-image-preview:large","max-video-preview":"max-video-preview:-1"},"canonical":"https:\/\/frankfix.app\/en\/actualizacion\/macbook-pro-2012-13\/","og_locale":"en_US","og_type":"article","og_title":"Mejoras y optimizaci\u00f3n para tu MacBook Pro 2012: \u00a1Aprovecha al m\u00e1ximo tu equipo! - FRANK FIX","og_description":"ACTUALIZACI\u00d3N Y OPTIMIZACI\u00d3N DE UN MACBOOK PRO 2012 Actualizaci\u00f3n de RAM: Aumenta la velocidad y rendimiento de tu MacBook Pro con una nueva memoria RAM compatible y de mayor capacidad. Mejora con SSD: Experimenta un rendimiento m\u00e1s r\u00e1pido y fluido al instalar una unidad SSD de alta velocidad en tu MacBook Pro. Segundo disco duro [&hellip;]","og_url":"https:\/\/frankfix.app\/en\/actualizacion\/macbook-pro-2012-13\/","og_site_name":"FRANK FIX","article_published_time":"2023-06-02T16:55:53+00:00","article_modified_time":"2023-06-05T08:22:32+00:00","og_image":[{"width":2560,"height":1440,"url":"https:\/\/i0.wp.com\/frankfix.app\/wp-content\/uploads\/2023\/06\/5569498-scaled.jpg?fit=2560%2C1440&ssl=1","type":"image\/jpeg"}],"author":"Frank","twitter_card":"summary_large_image","twitter_misc":{"Written by":"Frank","Est. reading time":"2 minutes"},"schema":{"@context":"https:\/\/schema.org","@graph":[{"@type":"Article","@id":"https:\/\/frankfix.app\/actualizacion\/macbook-pro-2012-13\/#article","isPartOf":{"@id":"https:\/\/frankfix.app\/actualizacion\/macbook-pro-2012-13\/"},"author":{"name":"Frank","@id":"https:\/\/frankfix.app\/#\/schema\/person\/6fe795fee36b68f9859d40349b2fa359"},"headline":"Mejoras y optimizaci\u00f3n para tu MacBook Pro 2012: \u00a1Aprovecha al m\u00e1ximo tu equipo!","datePublished":"2023-06-02T16:55:53+00:00","dateModified":"2023-06-05T08:22:32+00:00","mainEntityOfPage":{"@id":"https:\/\/frankfix.app\/actualizacion\/macbook-pro-2012-13\/"},"wordCount":402,"publisher":{"@id":"https:\/\/frankfix.app\/#\/schema\/person\/6fe795fee36b68f9859d40349b2fa359"},"image":{"@id":"https:\/\/frankfix.app\/actualizacion\/macbook-pro-2012-13\/#primaryimage"},"thumbnailUrl":"https:\/\/i0.wp.com\/frankfix.app\/wp-content\/uploads\/2023\/06\/5569498-scaled.jpg?fit=2560%2C1440&ssl=1","articleSection":["Actualizaci\u00f3n"],"inLanguage":"en-US"},{"@type":"WebPage","@id":"https:\/\/frankfix.app\/actualizacion\/macbook-pro-2012-13\/","url":"https:\/\/frankfix.app\/actualizacion\/macbook-pro-2012-13\/","name":"Mejoras y optimizaci\u00f3n para tu MacBook Pro 2012: \u00a1Aprovecha al m\u00e1ximo tu equipo! - FRANK FIX","isPartOf":{"@id":"https:\/\/frankfix.app\/#website"},"primaryImageOfPage":{"@id":"https:\/\/frankfix.app\/actualizacion\/macbook-pro-2012-13\/#primaryimage"},"image":{"@id":"https:\/\/frankfix.app\/actualizacion\/macbook-pro-2012-13\/#primaryimage"},"thumbnailUrl":"https:\/\/i0.wp.com\/frankfix.app\/wp-content\/uploads\/2023\/06\/5569498-scaled.jpg?fit=2560%2C1440&ssl=1","datePublished":"2023-06-02T16:55:53+00:00","dateModified":"2023-06-05T08:22:32+00:00","breadcrumb":{"@id":"https:\/\/frankfix.app\/actualizacion\/macbook-pro-2012-13\/#breadcrumb"},"inLanguage":"en-US","potentialAction":[{"@type":"ReadAction","target":["https:\/\/frankfix.app\/actualizacion\/macbook-pro-2012-13\/"]}]},{"@type":"ImageObject","inLanguage":"en-US","@id":"https:\/\/frankfix.app\/actualizacion\/macbook-pro-2012-13\/#primaryimage","url":"https:\/\/i0.wp.com\/frankfix.app\/wp-content\/uploads\/2023\/06\/5569498-scaled.jpg?fit=2560%2C1440&ssl=1","contentUrl":"https:\/\/i0.wp.com\/frankfix.app\/wp-content\/uploads\/2023\/06\/5569498-scaled.jpg?fit=2560%2C1440&ssl=1","width":2560,"height":1440},{"@type":"BreadcrumbList","@id":"https:\/\/frankfix.app\/actualizacion\/macbook-pro-2012-13\/#breadcrumb","itemListElement":[{"@type":"ListItem","position":1,"name":"Inicio","item":"https:\/\/frankfix.app\/"},{"@type":"ListItem","position":2,"name":"Mejoras y optimizaci\u00f3n para tu MacBook Pro 2012: \u00a1Aprovecha al m\u00e1ximo tu equipo!"}]},{"@type":"WebSite","@id":"https:\/\/frankfix.app\/#website","url":"https:\/\/frankfix.app\/","name":"FRANK FIX","description":"Reparaci\u00f3n y Aprendizaje Mac","publisher":{"@id":"https:\/\/frankfix.app\/#\/schema\/person\/6fe795fee36b68f9859d40349b2fa359"},"potentialAction":[{"@type":"SearchAction","target":{"@type":"EntryPoint","urlTemplate":"https:\/\/frankfix.app\/?s={search_term_string}"},"query-input":{"@type":"PropertyValueSpecification","valueRequired":true,"valueName":"search_term_string"}}],"inLanguage":"en-US"},{"@type":["Person","Organization"],"@id":"https:\/\/frankfix.app\/#\/schema\/person\/6fe795fee36b68f9859d40349b2fa359","name":"Frank","image":{"@type":"ImageObject","inLanguage":"en-US","@id":"https:\/\/i0.wp.com\/frankfix.app\/wp-content\/uploads\/2023\/01\/frank-fix-high-resolution-logo-white-transparent.png?fit=2000%2C494&ssl=1","url":"https:\/\/i0.wp.com\/frankfix.app\/wp-content\/uploads\/2023\/01\/frank-fix-high-resolution-logo-white-transparent.png?fit=2000%2C494&ssl=1","contentUrl":"https:\/\/i0.wp.com\/frankfix.app\/wp-content\/uploads\/2023\/01\/frank-fix-high-resolution-logo-white-transparent.png?fit=2000%2C494&ssl=1","width":2000,"height":494,"caption":"Frank"},"logo":{"@id":"https:\/\/i0.wp.com\/frankfix.app\/wp-content\/uploads\/2023\/01\/frank-fix-high-resolution-logo-white-transparent.png?fit=2000%2C494&ssl=1"},"sameAs":["https:\/\/lepartisan.org\/"],"url":"https:\/\/frankfix.app\/en\/author\/frank\/"}]}},"jetpack_featured_media_url":"https:\/\/i0.wp.com\/frankfix.app\/wp-content\/uploads\/2023\/06\/5569498-scaled.jpg?fit=2560%2C1440&ssl=1","jetpack-related-posts":[],"jetpack_sharing_enabled":true,"_links":{"self":[{"href":"https:\/\/frankfix.app\/en\/wp-json\/wp\/v2\/posts\/11358","targetHints":{"allow":["GET"]}}],"collection":[{"href":"https:\/\/frankfix.app\/en\/wp-json\/wp\/v2\/posts"}],"about":[{"href":"https:\/\/frankfix.app\/en\/wp-json\/wp\/v2\/types\/post"}],"author":[{"embeddable":true,"href":"https:\/\/frankfix.app\/en\/wp-json\/wp\/v2\/users\/6"}],"replies":[{"embeddable":true,"href":"https:\/\/frankfix.app\/en\/wp-json\/wp\/v2\/comments?post=11358"}],"version-history":[{"count":0,"href":"https:\/\/frankfix.app\/en\/wp-json\/wp\/v2\/posts\/11358\/revisions"}],"wp:featuredmedia":[{"embeddable":true,"href":"https:\/\/frankfix.app\/en\/wp-json\/wp\/v2\/media\/11747"}],"wp:attachment":[{"href":"https:\/\/frankfix.app\/en\/wp-json\/wp\/v2\/media?parent=11358"}],"wp:term":[{"taxonomy":"category","embeddable":true,"href":"https:\/\/frankfix.app\/en\/wp-json\/wp\/v2\/categories?post=11358"},{"taxonomy":"post_tag","embeddable":true,"href":"https:\/\/frankfix.app\/en\/wp-json\/wp\/v2\/tags?post=11358"}],"curies":[{"name":"wp","href":"https:\/\/api.w.org\/{rel}","templated":true}]}}