{"id":11342,"date":"2023-06-02T13:49:20","date_gmt":"2023-06-02T16:49:20","guid":{"rendered":"http:\/\/localhost\/wordpress1\/?p=11342"},"modified":"2023-06-05T05:25:51","modified_gmt":"2023-06-05T08:25:51","slug":"crea-tu-instalador-multiefi-y-serial","status":"publish","type":"post","link":"https:\/\/frankfix.app\/en\/instalacion\/crea-tu-instalador-multiefi-y-serial\/","title":{"rendered":"How to Create a MultiEFI Installer and Change the Serial Number on Your Mac"},"content":{"rendered":"<div data-elementor-type=\"wp-post\" data-elementor-id=\"11342\" class=\"elementor elementor-11342\">\n\t\t\t\t\t\t<section class=\"elementor-section elementor-top-section elementor-element elementor-element-9dc4c9a ot-traditional elementor-section-boxed elementor-section-height-default elementor-section-height-default\" data-id=\"9dc4c9a\" data-element_type=\"section\" data-e-type=\"section\">\n\t\t\t\t\t\t<div class=\"elementor-container elementor-column-gap-default\">\n\t\t\t\t\t<div class=\"elementor-column elementor-col-100 elementor-top-column elementor-element elementor-element-9839a51 ot-flex-column-vertical\" data-id=\"9839a51\" data-element_type=\"column\" data-e-type=\"column\">\n\t\t\t<div class=\"elementor-widget-wrap elementor-element-populated\">\n\t\t\t\t\t\t<div class=\"elementor-element elementor-element-c5cda78 elementor-widget elementor-widget-heading\" data-id=\"c5cda78\" data-element_type=\"widget\" data-e-type=\"widget\" data-widget_type=\"heading.default\">\n\t\t\t\t<div class=\"elementor-widget-container\">\n\t\t\t\t\t<h4 class=\"elementor-heading-title elementor-size-default\">Step 1: Download and Install Macrium Reflect on Windows 10<\/h4>\t\t\t\t<\/div>\n\t\t\t\t<\/div>\n\t\t\t\t<section class=\"elementor-section elementor-inner-section elementor-element elementor-element-582a0ee ot-traditional elementor-section-boxed elementor-section-height-default elementor-section-height-default\" data-id=\"582a0ee\" data-element_type=\"section\" data-e-type=\"section\">\n\t\t\t\t\t\t<div class=\"elementor-container elementor-column-gap-default\">\n\t\t\t\t\t<div class=\"elementor-column elementor-col-50 elementor-inner-column elementor-element elementor-element-b775515 ot-flex-column-vertical\" data-id=\"b775515\" data-element_type=\"column\" data-e-type=\"column\">\n\t\t\t<div class=\"elementor-widget-wrap elementor-element-populated\">\n\t\t\t\t\t\t<div class=\"elementor-element elementor-element-15f43ea elementor-widget elementor-widget-text-editor\" data-id=\"15f43ea\" data-element_type=\"widget\" data-e-type=\"widget\" data-widget_type=\"text-editor.default\">\n\t\t\t\t<div class=\"elementor-widget-container\">\n\t\t\t\t\t\t\t\t\t<p>To begin, you'll need a PC with Windows 10. Download and install the Macrium Reflect application from the following link: <a href=\"https:\/\/www.macrium.com\/reflectfree#\" target=\"_new\">Download link<\/a>.<\/p>\t\t\t\t\t\t\t\t<\/div>\n\t\t\t\t<\/div>\n\t\t\t\t<div class=\"elementor-element elementor-element-857211b elementor-widget elementor-widget-heading\" data-id=\"857211b\" data-element_type=\"widget\" data-e-type=\"widget\" data-widget_type=\"heading.default\">\n\t\t\t\t<div class=\"elementor-widget-container\">\n\t\t\t\t\t<h4 class=\"elementor-heading-title elementor-size-default\">Step 2: Restore the \"mrig\" image onto a USB drive.<\/h4>\t\t\t\t<\/div>\n\t\t\t\t<\/div>\n\t\t\t\t<div class=\"elementor-element elementor-element-b90e825 elementor-widget elementor-widget-text-editor\" data-id=\"b90e825\" data-element_type=\"widget\" data-e-type=\"widget\" data-widget_type=\"text-editor.default\">\n\t\t\t\t<div class=\"elementor-widget-container\">\n\t\t\t\t\t\t\t\t\t<p>Recibiste un archivo de imagen llamado \u201cmrig\u201d por correo electr\u00f3nico. Utiliza Macrium Reflect para restaurar esta imagen en una unidad USB. Puedes utilizar una unidad USB de al menos 1 GB de capacidad o mayor.<\/p>\t\t\t\t\t\t\t\t<\/div>\n\t\t\t\t<\/div>\n\t\t\t\t\t<\/div>\n\t\t<\/div>\n\t\t\t\t<div class=\"elementor-column elementor-col-50 elementor-inner-column elementor-element elementor-element-e4a70b6 ot-flex-column-vertical\" data-id=\"e4a70b6\" data-element_type=\"column\" data-e-type=\"column\">\n\t\t\t<div class=\"elementor-widget-wrap elementor-element-populated\">\n\t\t\t\t\t\t<div class=\"elementor-element elementor-element-5bf9a0a elementor-widget elementor-widget-image\" data-id=\"5bf9a0a\" data-element_type=\"widget\" data-e-type=\"widget\" data-widget_type=\"image.default\">\n\t\t\t\t<div class=\"elementor-widget-container\">\n\t\t\t\t\t\t\t\t\t\t\t\t\t\t\t<img fetchpriority=\"high\" decoding=\"async\" width=\"1024\" height=\"576\" src=\"https:\/\/i0.wp.com\/frankfix.app\/wp-content\/uploads\/2023\/06\/maxresdefault.jpg?fit=1024%2C576&ssl=1\" class=\"attachment-large size-large wp-image-12001\" alt=\"\" srcset=\"https:\/\/i0.wp.com\/frankfix.app\/wp-content\/uploads\/2023\/06\/maxresdefault.jpg?w=1280&ssl=1 1280w, https:\/\/i0.wp.com\/frankfix.app\/wp-content\/uploads\/2023\/06\/maxresdefault.jpg?resize=300%2C169&ssl=1 300w, https:\/\/i0.wp.com\/frankfix.app\/wp-content\/uploads\/2023\/06\/maxresdefault.jpg?resize=1024%2C576&ssl=1 1024w, https:\/\/i0.wp.com\/frankfix.app\/wp-content\/uploads\/2023\/06\/maxresdefault.jpg?resize=768%2C432&ssl=1 768w, https:\/\/i0.wp.com\/frankfix.app\/wp-content\/uploads\/2023\/06\/maxresdefault.jpg?resize=720%2C405&ssl=1 720w, https:\/\/i0.wp.com\/frankfix.app\/wp-content\/uploads\/2023\/06\/maxresdefault.jpg?resize=600%2C338&ssl=1 600w\" sizes=\"(max-width: 1000px) 100vw, 1000px\" \/>\t\t\t\t\t\t\t\t\t\t\t\t\t\t\t<\/div>\n\t\t\t\t<\/div>\n\t\t\t\t\t<\/div>\n\t\t<\/div>\n\t\t\t\t\t<\/div>\n\t\t<\/section>\n\t\t\t\t\t<\/div>\n\t\t<\/div>\n\t\t\t\t\t<\/div>\n\t\t<\/section>\n\t\t\t\t<section class=\"elementor-section elementor-top-section elementor-element elementor-element-aee3a62 ot-traditional elementor-section-boxed elementor-section-height-default elementor-section-height-default\" data-id=\"aee3a62\" data-element_type=\"section\" data-e-type=\"section\">\n\t\t\t\t\t\t<div class=\"elementor-container elementor-column-gap-default\">\n\t\t\t\t\t<div class=\"elementor-column elementor-col-100 elementor-top-column elementor-element elementor-element-107ee58 ot-flex-column-vertical\" data-id=\"107ee58\" data-element_type=\"column\" data-e-type=\"column\">\n\t\t\t<div class=\"elementor-widget-wrap elementor-element-populated\">\n\t\t\t\t\t\t<div class=\"elementor-element elementor-element-435b557 elementor-widget elementor-widget-heading\" data-id=\"435b557\" data-element_type=\"widget\" data-e-type=\"widget\" data-widget_type=\"heading.default\">\n\t\t\t\t<div class=\"elementor-widget-container\">\n\t\t\t\t\t<h4 class=\"elementor-heading-title elementor-size-default\">Step 3: Boot from the USB and modify the serial number.<\/h4>\t\t\t\t<\/div>\n\t\t\t\t<\/div>\n\t\t\t\t<div class=\"elementor-element elementor-element-c8c6668 elementor-widget elementor-widget-text-editor\" data-id=\"c8c6668\" data-element_type=\"widget\" data-e-type=\"widget\" data-widget_type=\"text-editor.default\">\n\t\t\t\t<div class=\"elementor-widget-container\">\n\t\t\t\t\t\t\t\t\t<p>Una vez que hayas restaurado la imagen en el USB, podr\u00e1s arrancar tu Mac desde \u00e9l. Al iniciar, mant\u00e9n presionada la tecla \u201cALT\u201d para acceder a las opciones de arranque. Selecciona el primer EFIboot y entrar\u00e1s al serializador para Macs fabricados en 2014 o anteriores. Aqu\u00ed podr\u00e1s modificar el n\u00famero de serie de tu equipo. Aseg\u00farate de utilizar un n\u00famero de serie real y hacerlo por los motivos correctos.<\/p>\t\t\t\t\t\t\t\t<\/div>\n\t\t\t\t<\/div>\n\t\t\t\t<div class=\"elementor-element elementor-element-27653b7 elementor-widget elementor-widget-heading\" data-id=\"27653b7\" data-element_type=\"widget\" data-e-type=\"widget\" data-widget_type=\"heading.default\">\n\t\t\t\t<div class=\"elementor-widget-container\">\n\t\t\t\t\t<h4 class=\"elementor-heading-title elementor-size-default\">Step 4: Install an unsupported operating system.<\/h4>\t\t\t\t<\/div>\n\t\t\t\t<\/div>\n\t\t\t\t<div class=\"elementor-element elementor-element-621679b elementor-widget elementor-widget-text-editor\" data-id=\"621679b\" data-element_type=\"widget\" data-e-type=\"widget\" data-widget_type=\"text-editor.default\">\n\t\t\t\t<div class=\"elementor-widget-container\">\n\t\t\t\t\t\t\t\t\t<p>If you want to install an unsupported operating system, you'll need the original installer on a USB drive. You can create this installer yourself on a 16 GB USB drive. For example, you can generate an installer for Monterey, Ventura, and so on.<\/p>\t\t\t\t\t\t\t\t<\/div>\n\t\t\t\t<\/div>\n\t\t\t\t<div class=\"elementor-element elementor-element-ea137be elementor-widget elementor-widget-heading\" data-id=\"ea137be\" data-element_type=\"widget\" data-e-type=\"widget\" data-widget_type=\"heading.default\">\n\t\t\t\t<div class=\"elementor-widget-container\">\n\t\t\t\t\t<h4 class=\"elementor-heading-title elementor-size-default\">Step 5: Boot from the USB drives and select the corresponding EFI.<\/h4>\t\t\t\t<\/div>\n\t\t\t\t<\/div>\n\t\t\t\t<div class=\"elementor-element elementor-element-473b650 elementor-widget elementor-widget-text-editor\" data-id=\"473b650\" data-element_type=\"widget\" data-e-type=\"widget\" data-widget_type=\"text-editor.default\">\n\t\t\t\t<div class=\"elementor-widget-container\">\n\t\t\t\t\t\t\t\t\t<p>Conecta ambas unidades USB a tu Mac y reinicia. Nuevamente, mant\u00e9n presionada la tecla \u201cALT\u201d para acceder a las opciones de arranque. Ver\u00e1s todas las opciones de arranque disponibles, pero esta vez selecciona el segundo EFI. Esto te llevar\u00e1 a una pantalla negra donde aparecer\u00e1n los instaladores en versi\u00f3n EFI.<\/p>\t\t\t\t\t\t\t\t<\/div>\n\t\t\t\t<\/div>\n\t\t\t\t<div class=\"elementor-element elementor-element-9c7bd57 elementor-widget elementor-widget-heading\" data-id=\"9c7bd57\" data-element_type=\"widget\" data-e-type=\"widget\" data-widget_type=\"heading.default\">\n\t\t\t\t<div class=\"elementor-widget-container\">\n\t\t\t\t\t<h4 class=\"elementor-heading-title elementor-size-default\">Step 6: Install the desired operating system.<\/h4>\t\t\t\t<\/div>\n\t\t\t\t<\/div>\n\t\t\t\t<div class=\"elementor-element elementor-element-16e8e20 elementor-widget elementor-widget-text-editor\" data-id=\"16e8e20\" data-element_type=\"widget\" data-e-type=\"widget\" data-widget_type=\"text-editor.default\">\n\t\t\t\t<div class=\"elementor-widget-container\">\n\t\t\t\t\t\t\t\t\t<p>Once on the EFI installer screen, you can proceed to install the operating system you desire for your Mac.<\/p>\t\t\t\t\t\t\t\t<\/div>\n\t\t\t\t<\/div>\n\t\t\t\t<div class=\"elementor-element elementor-element-164917b elementor-widget elementor-widget-spacer\" data-id=\"164917b\" data-element_type=\"widget\" data-e-type=\"widget\" data-widget_type=\"spacer.default\">\n\t\t\t\t<div class=\"elementor-widget-container\">\n\t\t\t\t\t\t\t<div class=\"elementor-spacer\">\n\t\t\t<div class=\"elementor-spacer-inner\"><\/div>\n\t\t<\/div>\n\t\t\t\t\t\t<\/div>\n\t\t\t\t<\/div>\n\t\t\t\t<div class=\"elementor-element elementor-element-bf7bb56 elementor-widget elementor-widget-text-editor\" data-id=\"bf7bb56\" data-element_type=\"widget\" data-e-type=\"widget\" data-widget_type=\"text-editor.default\">\n\t\t\t\t<div class=\"elementor-widget-container\">\n\t\t\t\t\t\t\t\t\t<p>Important Note: During this process, you won't lose your information or settings. The unsupported operating system will be installed as a native upgrade, preserving your existing data and settings.<\/p><p>Remember to exercise caution when modifying your device's serial number and use this feature responsibly and ethically.<\/p>\t\t\t\t\t\t\t\t<\/div>\n\t\t\t\t<\/div>\n\t\t\t\t\t<\/div>\n\t\t<\/div>\n\t\t\t\t\t<\/div>\n\t\t<\/section>\n\t\t\t\t<section class=\"elementor-section elementor-top-section elementor-element elementor-element-1d18cf4 ot-traditional elementor-section-boxed elementor-section-height-default elementor-section-height-default\" data-id=\"1d18cf4\" data-element_type=\"section\" data-e-type=\"section\">\n\t\t\t\t\t\t<div class=\"elementor-container elementor-column-gap-default\">\n\t\t\t\t\t<div class=\"elementor-column elementor-col-100 elementor-top-column elementor-element elementor-element-a7050b7 ot-flex-column-vertical\" data-id=\"a7050b7\" data-element_type=\"column\" data-e-type=\"column\">\n\t\t\t<div class=\"elementor-widget-wrap\">\n\t\t\t\t\t\t\t<\/div>\n\t\t<\/div>\n\t\t\t\t\t<\/div>\n\t\t<\/section>\n\t\t\t\t<\/div>","protected":false},"excerpt":{"rendered":"<p>Paso 1: Descargar e instalar Macrium Reflect en Windows 10 Para comenzar, necesitar\u00e1s una PC con Windows 10. Descarga e instala la aplicaci\u00f3n Macrium Reflect desde el siguiente enlace: Enlace de descarga. Paso 2: Restaurar la imagen \u201cmrig\u201d en una unidad USB Recibiste un archivo de imagen llamado \u201cmrig\u201d por correo electr\u00f3nico. Utiliza Macrium Reflect [&hellip;]<\/p>\n","protected":false},"author":6,"featured_media":12006,"comment_status":"closed","ping_status":"closed","sticky":false,"template":"","format":"standard","meta":{"_jetpack_memberships_contains_paid_content":false,"footnotes":""},"categories":[133],"tags":[],"class_list":["post-11342","post","type-post","status-publish","format-standard","has-post-thumbnail","hentry","category-instalacion"],"yoast_head":"<!-- This site is optimized with the Yoast SEO plugin v27.5 - https:\/\/yoast.com\/product\/yoast-seo-wordpress\/ -->\n<title>C\u00f3mo crear un instalador MultiEFI y cambiar el n\u00famero de serie en tu Mac - FRANK FIX<\/title>\n<meta name=\"robots\" content=\"index, follow, max-snippet:-1, max-image-preview:large, max-video-preview:-1\" \/>\n<link rel=\"canonical\" href=\"https:\/\/frankfix.app\/en\/instalacion\/crea-tu-instalador-multiefi-y-serial\/\" \/>\n<meta property=\"og:locale\" content=\"en_US\" \/>\n<meta property=\"og:type\" content=\"article\" \/>\n<meta property=\"og:title\" content=\"C\u00f3mo crear un instalador MultiEFI y cambiar el n\u00famero de serie en tu Mac - FRANK FIX\" \/>\n<meta property=\"og:description\" content=\"Paso 1: Descargar e instalar Macrium Reflect en Windows 10 Para comenzar, necesitar\u00e1s una PC con Windows 10. Descarga e instala la aplicaci\u00f3n Macrium Reflect desde el siguiente enlace: Enlace de descarga. Paso 2: Restaurar la imagen \u201cmrig\u201d en una unidad USB Recibiste un archivo de imagen llamado \u201cmrig\u201d por correo electr\u00f3nico. Utiliza Macrium Reflect [&hellip;]\" \/>\n<meta property=\"og:url\" content=\"https:\/\/frankfix.app\/en\/instalacion\/crea-tu-instalador-multiefi-y-serial\/\" \/>\n<meta property=\"og:site_name\" content=\"FRANK FIX\" \/>\n<meta property=\"article:published_time\" content=\"2023-06-02T16:49:20+00:00\" \/>\n<meta property=\"article:modified_time\" content=\"2023-06-05T08:25:51+00:00\" \/>\n<meta property=\"og:image\" content=\"https:\/\/i0.wp.com\/frankfix.app\/wp-content\/uploads\/2023\/06\/macos-catalina-serial-number.jpg?fit=1600%2C968&ssl=1\" \/>\n\t<meta property=\"og:image:width\" content=\"1600\" \/>\n\t<meta property=\"og:image:height\" content=\"968\" \/>\n\t<meta property=\"og:image:type\" content=\"image\/jpeg\" \/>\n<meta name=\"author\" content=\"Frank\" \/>\n<meta name=\"twitter:card\" content=\"summary_large_image\" \/>\n<meta name=\"twitter:label1\" content=\"Written by\" \/>\n\t<meta name=\"twitter:data1\" content=\"Frank\" \/>\n\t<meta name=\"twitter:label2\" content=\"Est. reading time\" \/>\n\t<meta name=\"twitter:data2\" content=\"2 minutes\" \/>\n<script type=\"application\/ld+json\" class=\"yoast-schema-graph\">{\"@context\":\"https:\\\/\\\/schema.org\",\"@graph\":[{\"@type\":\"Article\",\"@id\":\"https:\\\/\\\/frankfix.app\\\/en\\\/instalacion\\\/crea-tu-instalador-multiefi-y-serial\\\/#article\",\"isPartOf\":{\"@id\":\"https:\\\/\\\/frankfix.app\\\/en\\\/instalacion\\\/crea-tu-instalador-multiefi-y-serial\\\/\"},\"author\":{\"name\":\"Frank\",\"@id\":\"https:\\\/\\\/frankfix.app\\\/#\\\/schema\\\/person\\\/6fe795fee36b68f9859d40349b2fa359\"},\"headline\":\"C\u00f3mo crear un instalador MultiEFI y cambiar el n\u00famero de serie en tu Mac\",\"datePublished\":\"2023-06-02T16:49:20+00:00\",\"dateModified\":\"2023-06-05T08:25:51+00:00\",\"mainEntityOfPage\":{\"@id\":\"https:\\\/\\\/frankfix.app\\\/en\\\/instalacion\\\/crea-tu-instalador-multiefi-y-serial\\\/\"},\"wordCount\":374,\"publisher\":{\"@id\":\"https:\\\/\\\/frankfix.app\\\/#\\\/schema\\\/person\\\/6fe795fee36b68f9859d40349b2fa359\"},\"image\":{\"@id\":\"https:\\\/\\\/frankfix.app\\\/en\\\/instalacion\\\/crea-tu-instalador-multiefi-y-serial\\\/#primaryimage\"},\"thumbnailUrl\":\"https:\\\/\\\/i0.wp.com\\\/frankfix.app\\\/wp-content\\\/uploads\\\/2023\\\/06\\\/macos-catalina-serial-number.jpg?fit=1600%2C968&ssl=1\",\"articleSection\":[\"Instalaci\u00f3n\"],\"inLanguage\":\"en-US\"},{\"@type\":\"WebPage\",\"@id\":\"https:\\\/\\\/frankfix.app\\\/en\\\/instalacion\\\/crea-tu-instalador-multiefi-y-serial\\\/\",\"url\":\"https:\\\/\\\/frankfix.app\\\/en\\\/instalacion\\\/crea-tu-instalador-multiefi-y-serial\\\/\",\"name\":\"C\u00f3mo crear un instalador MultiEFI y cambiar el n\u00famero de serie en tu Mac - FRANK FIX\",\"isPartOf\":{\"@id\":\"https:\\\/\\\/frankfix.app\\\/#website\"},\"primaryImageOfPage\":{\"@id\":\"https:\\\/\\\/frankfix.app\\\/en\\\/instalacion\\\/crea-tu-instalador-multiefi-y-serial\\\/#primaryimage\"},\"image\":{\"@id\":\"https:\\\/\\\/frankfix.app\\\/en\\\/instalacion\\\/crea-tu-instalador-multiefi-y-serial\\\/#primaryimage\"},\"thumbnailUrl\":\"https:\\\/\\\/i0.wp.com\\\/frankfix.app\\\/wp-content\\\/uploads\\\/2023\\\/06\\\/macos-catalina-serial-number.jpg?fit=1600%2C968&ssl=1\",\"datePublished\":\"2023-06-02T16:49:20+00:00\",\"dateModified\":\"2023-06-05T08:25:51+00:00\",\"breadcrumb\":{\"@id\":\"https:\\\/\\\/frankfix.app\\\/en\\\/instalacion\\\/crea-tu-instalador-multiefi-y-serial\\\/#breadcrumb\"},\"inLanguage\":\"en-US\",\"potentialAction\":[{\"@type\":\"ReadAction\",\"target\":[\"https:\\\/\\\/frankfix.app\\\/en\\\/instalacion\\\/crea-tu-instalador-multiefi-y-serial\\\/\"]}]},{\"@type\":\"ImageObject\",\"inLanguage\":\"en-US\",\"@id\":\"https:\\\/\\\/frankfix.app\\\/en\\\/instalacion\\\/crea-tu-instalador-multiefi-y-serial\\\/#primaryimage\",\"url\":\"https:\\\/\\\/i0.wp.com\\\/frankfix.app\\\/wp-content\\\/uploads\\\/2023\\\/06\\\/macos-catalina-serial-number.jpg?fit=1600%2C968&ssl=1\",\"contentUrl\":\"https:\\\/\\\/i0.wp.com\\\/frankfix.app\\\/wp-content\\\/uploads\\\/2023\\\/06\\\/macos-catalina-serial-number.jpg?fit=1600%2C968&ssl=1\",\"width\":1600,\"height\":968},{\"@type\":\"BreadcrumbList\",\"@id\":\"https:\\\/\\\/frankfix.app\\\/en\\\/instalacion\\\/crea-tu-instalador-multiefi-y-serial\\\/#breadcrumb\",\"itemListElement\":[{\"@type\":\"ListItem\",\"position\":1,\"name\":\"Inicio\",\"item\":\"https:\\\/\\\/frankfix.app\\\/\"},{\"@type\":\"ListItem\",\"position\":2,\"name\":\"C\u00f3mo crear un instalador MultiEFI y cambiar el n\u00famero de serie en tu Mac\"}]},{\"@type\":\"WebSite\",\"@id\":\"https:\\\/\\\/frankfix.app\\\/#website\",\"url\":\"https:\\\/\\\/frankfix.app\\\/\",\"name\":\"FRANK FIX\",\"description\":\"Reparaci\u00f3n y Aprendizaje Mac\",\"publisher\":{\"@id\":\"https:\\\/\\\/frankfix.app\\\/#\\\/schema\\\/person\\\/6fe795fee36b68f9859d40349b2fa359\"},\"potentialAction\":[{\"@type\":\"SearchAction\",\"target\":{\"@type\":\"EntryPoint\",\"urlTemplate\":\"https:\\\/\\\/frankfix.app\\\/?s={search_term_string}\"},\"query-input\":{\"@type\":\"PropertyValueSpecification\",\"valueRequired\":true,\"valueName\":\"search_term_string\"}}],\"inLanguage\":\"en-US\"},{\"@type\":[\"Person\",\"Organization\"],\"@id\":\"https:\\\/\\\/frankfix.app\\\/#\\\/schema\\\/person\\\/6fe795fee36b68f9859d40349b2fa359\",\"name\":\"Frank\",\"image\":{\"@type\":\"ImageObject\",\"inLanguage\":\"en-US\",\"@id\":\"https:\\\/\\\/i0.wp.com\\\/frankfix.app\\\/wp-content\\\/uploads\\\/2023\\\/01\\\/frank-fix-high-resolution-logo-white-transparent.png?fit=2000%2C494&ssl=1\",\"url\":\"https:\\\/\\\/i0.wp.com\\\/frankfix.app\\\/wp-content\\\/uploads\\\/2023\\\/01\\\/frank-fix-high-resolution-logo-white-transparent.png?fit=2000%2C494&ssl=1\",\"contentUrl\":\"https:\\\/\\\/i0.wp.com\\\/frankfix.app\\\/wp-content\\\/uploads\\\/2023\\\/01\\\/frank-fix-high-resolution-logo-white-transparent.png?fit=2000%2C494&ssl=1\",\"width\":2000,\"height\":494,\"caption\":\"Frank\"},\"logo\":{\"@id\":\"https:\\\/\\\/i0.wp.com\\\/frankfix.app\\\/wp-content\\\/uploads\\\/2023\\\/01\\\/frank-fix-high-resolution-logo-white-transparent.png?fit=2000%2C494&ssl=1\"},\"sameAs\":[\"https:\\\/\\\/lepartisan.org\\\/\"],\"url\":\"https:\\\/\\\/frankfix.app\\\/en\\\/author\\\/frank\\\/\"}]}<\/script>\n<!-- \/ Yoast SEO plugin. -->","yoast_head_json":{"title":"C\u00f3mo crear un instalador MultiEFI y cambiar el n\u00famero de serie en tu Mac - FRANK FIX","robots":{"index":"index","follow":"follow","max-snippet":"max-snippet:-1","max-image-preview":"max-image-preview:large","max-video-preview":"max-video-preview:-1"},"canonical":"https:\/\/frankfix.app\/en\/instalacion\/crea-tu-instalador-multiefi-y-serial\/","og_locale":"en_US","og_type":"article","og_title":"C\u00f3mo crear un instalador MultiEFI y cambiar el n\u00famero de serie en tu Mac - FRANK FIX","og_description":"Paso 1: Descargar e instalar Macrium Reflect en Windows 10 Para comenzar, necesitar\u00e1s una PC con Windows 10. Descarga e instala la aplicaci\u00f3n Macrium Reflect desde el siguiente enlace: Enlace de descarga. Paso 2: Restaurar la imagen \u201cmrig\u201d en una unidad USB Recibiste un archivo de imagen llamado \u201cmrig\u201d por correo electr\u00f3nico. Utiliza Macrium Reflect [&hellip;]","og_url":"https:\/\/frankfix.app\/en\/instalacion\/crea-tu-instalador-multiefi-y-serial\/","og_site_name":"FRANK FIX","article_published_time":"2023-06-02T16:49:20+00:00","article_modified_time":"2023-06-05T08:25:51+00:00","og_image":[{"width":1600,"height":968,"url":"https:\/\/i0.wp.com\/frankfix.app\/wp-content\/uploads\/2023\/06\/macos-catalina-serial-number.jpg?fit=1600%2C968&ssl=1","type":"image\/jpeg"}],"author":"Frank","twitter_card":"summary_large_image","twitter_misc":{"Written by":"Frank","Est. reading time":"2 minutes"},"schema":{"@context":"https:\/\/schema.org","@graph":[{"@type":"Article","@id":"https:\/\/frankfix.app\/en\/instalacion\/crea-tu-instalador-multiefi-y-serial\/#article","isPartOf":{"@id":"https:\/\/frankfix.app\/en\/instalacion\/crea-tu-instalador-multiefi-y-serial\/"},"author":{"name":"Frank","@id":"https:\/\/frankfix.app\/#\/schema\/person\/6fe795fee36b68f9859d40349b2fa359"},"headline":"C\u00f3mo crear un instalador MultiEFI y cambiar el n\u00famero de serie en tu Mac","datePublished":"2023-06-02T16:49:20+00:00","dateModified":"2023-06-05T08:25:51+00:00","mainEntityOfPage":{"@id":"https:\/\/frankfix.app\/en\/instalacion\/crea-tu-instalador-multiefi-y-serial\/"},"wordCount":374,"publisher":{"@id":"https:\/\/frankfix.app\/#\/schema\/person\/6fe795fee36b68f9859d40349b2fa359"},"image":{"@id":"https:\/\/frankfix.app\/en\/instalacion\/crea-tu-instalador-multiefi-y-serial\/#primaryimage"},"thumbnailUrl":"https:\/\/i0.wp.com\/frankfix.app\/wp-content\/uploads\/2023\/06\/macos-catalina-serial-number.jpg?fit=1600%2C968&ssl=1","articleSection":["Instalaci\u00f3n"],"inLanguage":"en-US"},{"@type":"WebPage","@id":"https:\/\/frankfix.app\/en\/instalacion\/crea-tu-instalador-multiefi-y-serial\/","url":"https:\/\/frankfix.app\/en\/instalacion\/crea-tu-instalador-multiefi-y-serial\/","name":"C\u00f3mo crear un instalador MultiEFI y cambiar el n\u00famero de serie en tu Mac - FRANK FIX","isPartOf":{"@id":"https:\/\/frankfix.app\/#website"},"primaryImageOfPage":{"@id":"https:\/\/frankfix.app\/en\/instalacion\/crea-tu-instalador-multiefi-y-serial\/#primaryimage"},"image":{"@id":"https:\/\/frankfix.app\/en\/instalacion\/crea-tu-instalador-multiefi-y-serial\/#primaryimage"},"thumbnailUrl":"https:\/\/i0.wp.com\/frankfix.app\/wp-content\/uploads\/2023\/06\/macos-catalina-serial-number.jpg?fit=1600%2C968&ssl=1","datePublished":"2023-06-02T16:49:20+00:00","dateModified":"2023-06-05T08:25:51+00:00","breadcrumb":{"@id":"https:\/\/frankfix.app\/en\/instalacion\/crea-tu-instalador-multiefi-y-serial\/#breadcrumb"},"inLanguage":"en-US","potentialAction":[{"@type":"ReadAction","target":["https:\/\/frankfix.app\/en\/instalacion\/crea-tu-instalador-multiefi-y-serial\/"]}]},{"@type":"ImageObject","inLanguage":"en-US","@id":"https:\/\/frankfix.app\/en\/instalacion\/crea-tu-instalador-multiefi-y-serial\/#primaryimage","url":"https:\/\/i0.wp.com\/frankfix.app\/wp-content\/uploads\/2023\/06\/macos-catalina-serial-number.jpg?fit=1600%2C968&ssl=1","contentUrl":"https:\/\/i0.wp.com\/frankfix.app\/wp-content\/uploads\/2023\/06\/macos-catalina-serial-number.jpg?fit=1600%2C968&ssl=1","width":1600,"height":968},{"@type":"BreadcrumbList","@id":"https:\/\/frankfix.app\/en\/instalacion\/crea-tu-instalador-multiefi-y-serial\/#breadcrumb","itemListElement":[{"@type":"ListItem","position":1,"name":"Inicio","item":"https:\/\/frankfix.app\/"},{"@type":"ListItem","position":2,"name":"C\u00f3mo crear un instalador MultiEFI y cambiar el n\u00famero de serie en tu Mac"}]},{"@type":"WebSite","@id":"https:\/\/frankfix.app\/#website","url":"https:\/\/frankfix.app\/","name":"FRANK FIX","description":"Reparaci\u00f3n y Aprendizaje Mac","publisher":{"@id":"https:\/\/frankfix.app\/#\/schema\/person\/6fe795fee36b68f9859d40349b2fa359"},"potentialAction":[{"@type":"SearchAction","target":{"@type":"EntryPoint","urlTemplate":"https:\/\/frankfix.app\/?s={search_term_string}"},"query-input":{"@type":"PropertyValueSpecification","valueRequired":true,"valueName":"search_term_string"}}],"inLanguage":"en-US"},{"@type":["Person","Organization"],"@id":"https:\/\/frankfix.app\/#\/schema\/person\/6fe795fee36b68f9859d40349b2fa359","name":"Frank","image":{"@type":"ImageObject","inLanguage":"en-US","@id":"https:\/\/i0.wp.com\/frankfix.app\/wp-content\/uploads\/2023\/01\/frank-fix-high-resolution-logo-white-transparent.png?fit=2000%2C494&ssl=1","url":"https:\/\/i0.wp.com\/frankfix.app\/wp-content\/uploads\/2023\/01\/frank-fix-high-resolution-logo-white-transparent.png?fit=2000%2C494&ssl=1","contentUrl":"https:\/\/i0.wp.com\/frankfix.app\/wp-content\/uploads\/2023\/01\/frank-fix-high-resolution-logo-white-transparent.png?fit=2000%2C494&ssl=1","width":2000,"height":494,"caption":"Frank"},"logo":{"@id":"https:\/\/i0.wp.com\/frankfix.app\/wp-content\/uploads\/2023\/01\/frank-fix-high-resolution-logo-white-transparent.png?fit=2000%2C494&ssl=1"},"sameAs":["https:\/\/lepartisan.org\/"],"url":"https:\/\/frankfix.app\/en\/author\/frank\/"}]}},"jetpack_featured_media_url":"https:\/\/i0.wp.com\/frankfix.app\/wp-content\/uploads\/2023\/06\/macos-catalina-serial-number.jpg?fit=1600%2C968&ssl=1","jetpack-related-posts":[],"jetpack_sharing_enabled":true,"_links":{"self":[{"href":"https:\/\/frankfix.app\/en\/wp-json\/wp\/v2\/posts\/11342","targetHints":{"allow":["GET"]}}],"collection":[{"href":"https:\/\/frankfix.app\/en\/wp-json\/wp\/v2\/posts"}],"about":[{"href":"https:\/\/frankfix.app\/en\/wp-json\/wp\/v2\/types\/post"}],"author":[{"embeddable":true,"href":"https:\/\/frankfix.app\/en\/wp-json\/wp\/v2\/users\/6"}],"replies":[{"embeddable":true,"href":"https:\/\/frankfix.app\/en\/wp-json\/wp\/v2\/comments?post=11342"}],"version-history":[{"count":0,"href":"https:\/\/frankfix.app\/en\/wp-json\/wp\/v2\/posts\/11342\/revisions"}],"wp:featuredmedia":[{"embeddable":true,"href":"https:\/\/frankfix.app\/en\/wp-json\/wp\/v2\/media\/12006"}],"wp:attachment":[{"href":"https:\/\/frankfix.app\/en\/wp-json\/wp\/v2\/media?parent=11342"}],"wp:term":[{"taxonomy":"category","embeddable":true,"href":"https:\/\/frankfix.app\/en\/wp-json\/wp\/v2\/categories?post=11342"},{"taxonomy":"post_tag","embeddable":true,"href":"https:\/\/frankfix.app\/en\/wp-json\/wp\/v2\/tags?post=11342"}],"curies":[{"name":"wp","href":"https:\/\/api.w.org\/{rel}","templated":true}]}}